
{"id":8609,"date":"2026-04-28T11:48:44","date_gmt":"2026-04-28T09:48:44","guid":{"rendered":"https:\/\/www.hrexperience.rs\/?p=8609"},"modified":"2026-04-28T11:48:44","modified_gmt":"2026-04-28T09:48:44","slug":"panel-koji-ce-pokrenuti-prava-pitanja-ko-je-zapravo-odgovoran-za-liderstvo","status":"publish","type":"post","link":"https:\/\/www.hrexperience.rs\/en\/vesti\/panel-koji-ce-pokrenuti-prava-pitanja-ko-je-zapravo-odgovoran-za-liderstvo\/","title":{"rendered":"Panel koji \u0107e pokrenuti prava pitanja: Ko je zapravo odgovoran za liderstvo?"},"content":{"rendered":"<p>Svake godine, HR Experience konferencija postaje mesto gde se razgovori koji ina\u010de ostaju iza zatvorenih vrata napokon vode otvoreno i glasno. Okupljaju\u0107i lidere, HR profesionalce i eksperte iz zemlje i inostranstva. Ove godine, HR Experience konferencija bi\u0107e odr\u017eana <strong>28. maja 2026. u Sava Centru.<\/strong><\/p>\n<p>Jedno od najo\u010dekivanijih trenutaka ovogodi\u0161nje konferencije bi\u0107e panel diskusija pod intrigantnim nazivom<strong> &#8222;The Leadership Trial: Are Leaders Guilty or Misunderstood?&#8220;<\/strong> Razgovor koji obe\u0107ava da \u0107e otvoriti neka od najrealnih i najosetljivijih pitanja savremenog liderstva.<\/p>\n<p>Moderatorka panela Tijana Bejatovi\u0107, osniva\u010dica platforme topIC i programska direktorka HR Experience 2026, poznata po tome da iz sagovornika izvla\u010di odgovore koji zaista ne\u0161to zna\u010de.<\/p>\n<p>Za stolom \u0107e se na\u0107i dvoje panelista sa iskustvom koje govori samo za sebe. <strong>Dr Ronald Seeliger<\/strong>, predsednik i CEO Hemofarm grupe, kompanije koja je ujedno i jedan od najve\u0107ih izvoznika u Srbiji, donosi perspektivu \u010doveka koji je karijeru gradio kroz menad\u017ement u Evropi, Australiji i Aziji, pa \u010dak i u Formuli 1.<\/p>\n<p><strong>Bojana Bolovi\u0107,<\/strong> People &amp; Culture Manager u Coca-Cola HBC, kompaniji koja nosi titulu najpo\u017eeljnijeg poslodavca u Srbiji, ima vi\u0161e od decenije iskustva u kreiranju HR strategija koje zaista pomeraju organizacije napred.<\/p>\n<p>A tu je i gost iznena\u0111enja, tre\u0107i panelista \u010diji identitet ostaje tajna do dana konferencije.<\/p>\n<p>Razgovor \u0107e se vrteti oko pitanja koja HR profesionalci \u010desto postavljaju u hodnicima, ali retko otvoreno za mikrofonom: Gde liderstvo gre\u0161i? Koliko HR mo\u017ee i treba da uti\u010de na odluke lidera? I kakve posledice te odluke ostavljaju na timove i poslovne rezultate?<\/p>\n<p>Ako si HR profesionalac, lider, menad\u017eer ili se bavi\u0161 kulturom i komunikacijom unutar organizacija, ovo je konferencija koja ne\u0107e pro\u0107i, a da ne\u0161to ne pomeri.<\/p>\n<p>Pridru\u017eite nam se 28. maja u Sava Centru u Beogradu i budite deo razgovora koji menja perspektivu.<\/p>\n<p>Vi\u0161e informacija i kupovina ulaznica na<a href=\"https:\/\/www.hrexperience.rs\/en\/?utm_source=hrlab&amp;utm_medium=blog&amp;utm_campaign=hre_2026&amp;utm_content=ceo-panel\" target=\"_blank\" rel=\"noopener noreferrer\"> https:\/\/www.hrexperience.rs\/<\/a><\/p>","protected":false},"excerpt":{"rendered":"<p>Svake godine, HR Experience konferencija postaje mesto gde se razgovori koji ina\u010de ostaju iza zatvorenih vrata napokon vode otvoreno i glasno. Okupljaju\u0107i lidere, HR profesionalce i eksperte iz zemlje i&#8230;<\/p>","protected":false},"author":1,"featured_media":8610,"comment_status":"closed","ping_status":"closed","sticky":false,"template":"","format":"standard","meta":{"footnotes":""},"categories":[1],"tags":[],"class_list":{"0":"post-8609","1":"post","2":"type-post","3":"status-publish","4":"format-standard","5":"has-post-thumbnail","7":"category-vesti"},"yoast_head":"<!-- This site is optimized with the Yoast SEO plugin v24.2 - https:\/\/yoast.com\/wordpress\/plugins\/seo\/ -->\n<title>Panel koji \u0107e pokrenuti prava pitanja: Ko je zapravo odgovoran za liderstvo? - HR Experience<\/title>\n<meta name=\"robots\" content=\"index, follow, max-snippet:-1, max-image-preview:large, max-video-preview:-1\" \/>\n<link rel=\"canonical\" href=\"https:\/\/www.hrexperience.rs\/en\/vesti\/panel-koji-ce-pokrenuti-prava-pitanja-ko-je-zapravo-odgovoran-za-liderstvo\/\" \/>\n<meta property=\"og:locale\" content=\"en_US\" \/>\n<meta property=\"og:type\" content=\"article\" \/>\n<meta property=\"og:title\" content=\"Panel koji \u0107e pokrenuti prava pitanja: Ko je zapravo odgovoran za liderstvo? - HR Experience\" \/>\n<meta property=\"og:description\" content=\"Svake godine, HR Experience konferencija postaje mesto gde se razgovori koji ina\u010de ostaju iza zatvorenih vrata napokon vode otvoreno i glasno. Okupljaju\u0107i lidere, HR profesionalce i eksperte iz zemlje i...\" \/>\n<meta property=\"og:url\" content=\"https:\/\/www.hrexperience.rs\/en\/vesti\/panel-koji-ce-pokrenuti-prava-pitanja-ko-je-zapravo-odgovoran-za-liderstvo\/\" \/>\n<meta property=\"og:site_name\" content=\"HR Experience\" \/>\n<meta property=\"article:publisher\" content=\"https:\/\/www.facebook.com\/poslovi\" \/>\n<meta property=\"article:author\" content=\"https:\/\/www.facebook.com\/poslovi\" \/>\n<meta property=\"article:published_time\" content=\"2026-04-28T09:48:44+00:00\" \/>\n<meta property=\"og:image\" content=\"https:\/\/www.hrexperience.rs\/wp-content\/uploads\/2026\/04\/Panel-B-2400x1256-1.png\" \/>\n\t<meta property=\"og:image:width\" content=\"2400\" \/>\n\t<meta property=\"og:image:height\" content=\"1256\" \/>\n\t<meta property=\"og:image:type\" content=\"image\/png\" \/>\n<meta name=\"author\" content=\"HR Experience\" \/>\n<meta name=\"twitter:card\" content=\"summary_large_image\" \/>\n<meta name=\"twitter:creator\" content=\"@posloviinfostud\" \/>\n<meta name=\"twitter:site\" content=\"@infostud\" \/>\n<meta name=\"twitter:label1\" content=\"Written by\" \/>\n\t<meta name=\"twitter:data1\" content=\"HR Experience\" \/>\n\t<meta name=\"twitter:label2\" content=\"Est. reading time\" \/>\n\t<meta name=\"twitter:data2\" content=\"2 minutes\" \/>\n<script type=\"application\/ld+json\" class=\"yoast-schema-graph\">{\"@context\":\"https:\/\/schema.org\",\"@graph\":[{\"@type\":\"Article\",\"@id\":\"https:\/\/www.hrexperience.rs\/vesti\/panel-koji-ce-pokrenuti-prava-pitanja-ko-je-zapravo-odgovoran-za-liderstvo\/#article\",\"isPartOf\":{\"@id\":\"https:\/\/www.hrexperience.rs\/vesti\/panel-koji-ce-pokrenuti-prava-pitanja-ko-je-zapravo-odgovoran-za-liderstvo\/\"},\"author\":{\"name\":\"HR Experience\",\"@id\":\"https:\/\/www.hrexperience.rs\/#\/schema\/person\/18ca12885ca437967d735f6aa840502a\"},\"headline\":\"Panel koji \u0107e pokrenuti prava pitanja: Ko je zapravo odgovoran za liderstvo?\",\"datePublished\":\"2026-04-28T09:48:44+00:00\",\"dateModified\":\"2026-04-28T09:48:44+00:00\",\"mainEntityOfPage\":{\"@id\":\"https:\/\/www.hrexperience.rs\/vesti\/panel-koji-ce-pokrenuti-prava-pitanja-ko-je-zapravo-odgovoran-za-liderstvo\/\"},\"wordCount\":331,\"publisher\":{\"@id\":\"https:\/\/www.hrexperience.rs\/#organization\"},\"image\":{\"@id\":\"https:\/\/www.hrexperience.rs\/vesti\/panel-koji-ce-pokrenuti-prava-pitanja-ko-je-zapravo-odgovoran-za-liderstvo\/#primaryimage\"},\"thumbnailUrl\":\"https:\/\/www.hrexperience.rs\/wp-content\/uploads\/2026\/04\/Panel-B-2400x1256-1.png\",\"articleSection\":[\"Vesti\"],\"inLanguage\":\"en-US\"},{\"@type\":\"WebPage\",\"@id\":\"https:\/\/www.hrexperience.rs\/vesti\/panel-koji-ce-pokrenuti-prava-pitanja-ko-je-zapravo-odgovoran-za-liderstvo\/\",\"url\":\"https:\/\/www.hrexperience.rs\/vesti\/panel-koji-ce-pokrenuti-prava-pitanja-ko-je-zapravo-odgovoran-za-liderstvo\/\",\"name\":\"Panel koji \u0107e pokrenuti prava pitanja: Ko je zapravo odgovoran za liderstvo? - HR Experience\",\"isPartOf\":{\"@id\":\"https:\/\/www.hrexperience.rs\/#website\"},\"primaryImageOfPage\":{\"@id\":\"https:\/\/www.hrexperience.rs\/vesti\/panel-koji-ce-pokrenuti-prava-pitanja-ko-je-zapravo-odgovoran-za-liderstvo\/#primaryimage\"},\"image\":{\"@id\":\"https:\/\/www.hrexperience.rs\/vesti\/panel-koji-ce-pokrenuti-prava-pitanja-ko-je-zapravo-odgovoran-za-liderstvo\/#primaryimage\"},\"thumbnailUrl\":\"https:\/\/www.hrexperience.rs\/wp-content\/uploads\/2026\/04\/Panel-B-2400x1256-1.png\",\"datePublished\":\"2026-04-28T09:48:44+00:00\",\"dateModified\":\"2026-04-28T09:48:44+00:00\",\"inLanguage\":\"en-US\",\"potentialAction\":[{\"@type\":\"ReadAction\",\"target\":[\"https:\/\/www.hrexperience.rs\/vesti\/panel-koji-ce-pokrenuti-prava-pitanja-ko-je-zapravo-odgovoran-za-liderstvo\/\"]}]},{\"@type\":\"ImageObject\",\"inLanguage\":\"en-US\",\"@id\":\"https:\/\/www.hrexperience.rs\/vesti\/panel-koji-ce-pokrenuti-prava-pitanja-ko-je-zapravo-odgovoran-za-liderstvo\/#primaryimage\",\"url\":\"https:\/\/www.hrexperience.rs\/wp-content\/uploads\/2026\/04\/Panel-B-2400x1256-1.png\",\"contentUrl\":\"https:\/\/www.hrexperience.rs\/wp-content\/uploads\/2026\/04\/Panel-B-2400x1256-1.png\",\"width\":2400,\"height\":1256},{\"@type\":\"WebSite\",\"@id\":\"https:\/\/www.hrexperience.rs\/#website\",\"url\":\"https:\/\/www.hrexperience.rs\/\",\"name\":\"HR Experience\",\"description\":\"Trendovi. Prakse. Inspiracija.\",\"publisher\":{\"@id\":\"https:\/\/www.hrexperience.rs\/#organization\"},\"potentialAction\":[{\"@type\":\"SearchAction\",\"target\":{\"@type\":\"EntryPoint\",\"urlTemplate\":\"https:\/\/www.hrexperience.rs\/?s={search_term_string}\"},\"query-input\":{\"@type\":\"PropertyValueSpecification\",\"valueRequired\":true,\"valueName\":\"search_term_string\"}}],\"inLanguage\":\"en-US\"},{\"@type\":\"Organization\",\"@id\":\"https:\/\/www.hrexperience.rs\/#organization\",\"name\":\"HRexperience\",\"url\":\"https:\/\/www.hrexperience.rs\/\",\"logo\":{\"@type\":\"ImageObject\",\"inLanguage\":\"en-US\",\"@id\":\"https:\/\/www.hrexperience.rs\/#\/schema\/logo\/image\/\",\"url\":\"https:\/\/www.hrexperience.rs\/wp-content\/uploads\/2021\/12\/hrexperience-2022-logo.svg\",\"contentUrl\":\"https:\/\/www.hrexperience.rs\/wp-content\/uploads\/2021\/12\/hrexperience-2022-logo.svg\",\"width\":1,\"height\":1,\"caption\":\"HRexperience\"},\"image\":{\"@id\":\"https:\/\/www.hrexperience.rs\/#\/schema\/logo\/image\/\"},\"sameAs\":[\"https:\/\/www.facebook.com\/poslovi\",\"https:\/\/x.com\/infostud\",\"https:\/\/www.instagram.com\/poslovi_infostud\/\",\"https:\/\/www.linkedin.com\/company\/poslovi-infostud\/\",\"https:\/\/www.youtube.com\/c\/infostudposlovi\",\"https:\/\/sr.wikipedia.org\/sr-el\/Infostud\"]},{\"@type\":\"Person\",\"@id\":\"https:\/\/www.hrexperience.rs\/#\/schema\/person\/18ca12885ca437967d735f6aa840502a\",\"name\":\"HR Experience\",\"image\":{\"@type\":\"ImageObject\",\"inLanguage\":\"en-US\",\"@id\":\"https:\/\/www.hrexperience.rs\/#\/schema\/person\/image\/\",\"url\":\"https:\/\/secure.gravatar.com\/avatar\/1cc0ea018b38b0add0f1bc0a31c4c290?s=96&d=mm&r=g\",\"contentUrl\":\"https:\/\/secure.gravatar.com\/avatar\/1cc0ea018b38b0add0f1bc0a31c4c290?s=96&d=mm&r=g\",\"caption\":\"HR Experience\"},\"description\":\"Trendovi. Prakse. Inovacije.\",\"sameAs\":[\"https:\/\/www.hrexperience.rs\",\"https:\/\/www.facebook.com\/poslovi\",\"https:\/\/www.instagram.com\/poslovi_infostud\/\",\"https:\/\/www.linkedin.com\/company\/poslovi-infostud\/\",\"https:\/\/x.com\/posloviinfostud\",\"https:\/\/www.youtube.com\/c\/infostudposlovi\",\"https:\/\/sr.wikipedia.org\/sr-el\/\u0418\u043d\u0444\u043e\u0441\u0442\u0443\u0434\"]}]}<\/script>\n<!-- \/ Yoast SEO plugin. -->","yoast_head_json":{"title":"Panel koji \u0107e pokrenuti prava pitanja: Ko je zapravo odgovoran za liderstvo? - HR Experience","robots":{"index":"index","follow":"follow","max-snippet":"max-snippet:-1","max-image-preview":"max-image-preview:large","max-video-preview":"max-video-preview:-1"},"canonical":"https:\/\/www.hrexperience.rs\/en\/vesti\/panel-koji-ce-pokrenuti-prava-pitanja-ko-je-zapravo-odgovoran-za-liderstvo\/","og_locale":"en_US","og_type":"article","og_title":"Panel koji \u0107e pokrenuti prava pitanja: Ko je zapravo odgovoran za liderstvo? - HR Experience","og_description":"Svake godine, HR Experience konferencija postaje mesto gde se razgovori koji ina\u010de ostaju iza zatvorenih vrata napokon vode otvoreno i glasno. Okupljaju\u0107i lidere, HR profesionalce i eksperte iz zemlje i...","og_url":"https:\/\/www.hrexperience.rs\/en\/vesti\/panel-koji-ce-pokrenuti-prava-pitanja-ko-je-zapravo-odgovoran-za-liderstvo\/","og_site_name":"HR Experience","article_publisher":"https:\/\/www.facebook.com\/poslovi","article_author":"https:\/\/www.facebook.com\/poslovi","article_published_time":"2026-04-28T09:48:44+00:00","og_image":[{"width":2400,"height":1256,"url":"https:\/\/www.hrexperience.rs\/wp-content\/uploads\/2026\/04\/Panel-B-2400x1256-1.png","type":"image\/png"}],"author":"HR Experience","twitter_card":"summary_large_image","twitter_creator":"@posloviinfostud","twitter_site":"@infostud","twitter_misc":{"Written by":"HR Experience","Est. reading time":"2 minutes"},"schema":{"@context":"https:\/\/schema.org","@graph":[{"@type":"Article","@id":"https:\/\/www.hrexperience.rs\/vesti\/panel-koji-ce-pokrenuti-prava-pitanja-ko-je-zapravo-odgovoran-za-liderstvo\/#article","isPartOf":{"@id":"https:\/\/www.hrexperience.rs\/vesti\/panel-koji-ce-pokrenuti-prava-pitanja-ko-je-zapravo-odgovoran-za-liderstvo\/"},"author":{"name":"HR Experience","@id":"https:\/\/www.hrexperience.rs\/#\/schema\/person\/18ca12885ca437967d735f6aa840502a"},"headline":"Panel koji \u0107e pokrenuti prava pitanja: Ko je zapravo odgovoran za liderstvo?","datePublished":"2026-04-28T09:48:44+00:00","dateModified":"2026-04-28T09:48:44+00:00","mainEntityOfPage":{"@id":"https:\/\/www.hrexperience.rs\/vesti\/panel-koji-ce-pokrenuti-prava-pitanja-ko-je-zapravo-odgovoran-za-liderstvo\/"},"wordCount":331,"publisher":{"@id":"https:\/\/www.hrexperience.rs\/#organization"},"image":{"@id":"https:\/\/www.hrexperience.rs\/vesti\/panel-koji-ce-pokrenuti-prava-pitanja-ko-je-zapravo-odgovoran-za-liderstvo\/#primaryimage"},"thumbnailUrl":"https:\/\/www.hrexperience.rs\/wp-content\/uploads\/2026\/04\/Panel-B-2400x1256-1.png","articleSection":["Vesti"],"inLanguage":"en-US"},{"@type":"WebPage","@id":"https:\/\/www.hrexperience.rs\/vesti\/panel-koji-ce-pokrenuti-prava-pitanja-ko-je-zapravo-odgovoran-za-liderstvo\/","url":"https:\/\/www.hrexperience.rs\/vesti\/panel-koji-ce-pokrenuti-prava-pitanja-ko-je-zapravo-odgovoran-za-liderstvo\/","name":"Panel koji \u0107e pokrenuti prava pitanja: Ko je zapravo odgovoran za liderstvo? - HR Experience","isPartOf":{"@id":"https:\/\/www.hrexperience.rs\/#website"},"primaryImageOfPage":{"@id":"https:\/\/www.hrexperience.rs\/vesti\/panel-koji-ce-pokrenuti-prava-pitanja-ko-je-zapravo-odgovoran-za-liderstvo\/#primaryimage"},"image":{"@id":"https:\/\/www.hrexperience.rs\/vesti\/panel-koji-ce-pokrenuti-prava-pitanja-ko-je-zapravo-odgovoran-za-liderstvo\/#primaryimage"},"thumbnailUrl":"https:\/\/www.hrexperience.rs\/wp-content\/uploads\/2026\/04\/Panel-B-2400x1256-1.png","datePublished":"2026-04-28T09:48:44+00:00","dateModified":"2026-04-28T09:48:44+00:00","inLanguage":"en-US","potentialAction":[{"@type":"ReadAction","target":["https:\/\/www.hrexperience.rs\/vesti\/panel-koji-ce-pokrenuti-prava-pitanja-ko-je-zapravo-odgovoran-za-liderstvo\/"]}]},{"@type":"ImageObject","inLanguage":"en-US","@id":"https:\/\/www.hrexperience.rs\/vesti\/panel-koji-ce-pokrenuti-prava-pitanja-ko-je-zapravo-odgovoran-za-liderstvo\/#primaryimage","url":"https:\/\/www.hrexperience.rs\/wp-content\/uploads\/2026\/04\/Panel-B-2400x1256-1.png","contentUrl":"https:\/\/www.hrexperience.rs\/wp-content\/uploads\/2026\/04\/Panel-B-2400x1256-1.png","width":2400,"height":1256},{"@type":"WebSite","@id":"https:\/\/www.hrexperience.rs\/#website","url":"https:\/\/www.hrexperience.rs\/","name":"HR Experience","description":"Trendovi. Prakse. Inspiracija.","publisher":{"@id":"https:\/\/www.hrexperience.rs\/#organization"},"potentialAction":[{"@type":"SearchAction","target":{"@type":"EntryPoint","urlTemplate":"https:\/\/www.hrexperience.rs\/?s={search_term_string}"},"query-input":{"@type":"PropertyValueSpecification","valueRequired":true,"valueName":"search_term_string"}}],"inLanguage":"en-US"},{"@type":"Organization","@id":"https:\/\/www.hrexperience.rs\/#organization","name":"HRexperience","url":"https:\/\/www.hrexperience.rs\/","logo":{"@type":"ImageObject","inLanguage":"en-US","@id":"https:\/\/www.hrexperience.rs\/#\/schema\/logo\/image\/","url":"https:\/\/www.hrexperience.rs\/wp-content\/uploads\/2021\/12\/hrexperience-2022-logo.svg","contentUrl":"https:\/\/www.hrexperience.rs\/wp-content\/uploads\/2021\/12\/hrexperience-2022-logo.svg","width":1,"height":1,"caption":"HRexperience"},"image":{"@id":"https:\/\/www.hrexperience.rs\/#\/schema\/logo\/image\/"},"sameAs":["https:\/\/www.facebook.com\/poslovi","https:\/\/x.com\/infostud","https:\/\/www.instagram.com\/poslovi_infostud\/","https:\/\/www.linkedin.com\/company\/poslovi-infostud\/","https:\/\/www.youtube.com\/c\/infostudposlovi","https:\/\/sr.wikipedia.org\/sr-el\/Infostud"]},{"@type":"Person","@id":"https:\/\/www.hrexperience.rs\/#\/schema\/person\/18ca12885ca437967d735f6aa840502a","name":"HR Experience","image":{"@type":"ImageObject","inLanguage":"en-US","@id":"https:\/\/www.hrexperience.rs\/#\/schema\/person\/image\/","url":"https:\/\/secure.gravatar.com\/avatar\/1cc0ea018b38b0add0f1bc0a31c4c290?s=96&d=mm&r=g","contentUrl":"https:\/\/secure.gravatar.com\/avatar\/1cc0ea018b38b0add0f1bc0a31c4c290?s=96&d=mm&r=g","caption":"HR Experience"},"description":"Trendovi. Prakse. Inovacije.","sameAs":["https:\/\/www.hrexperience.rs","https:\/\/www.facebook.com\/poslovi","https:\/\/www.instagram.com\/poslovi_infostud\/","https:\/\/www.linkedin.com\/company\/poslovi-infostud\/","https:\/\/x.com\/posloviinfostud","https:\/\/www.youtube.com\/c\/infostudposlovi","https:\/\/sr.wikipedia.org\/sr-el\/\u0418\u043d\u0444\u043e\u0441\u0442\u0443\u0434"]}]}},"_links":{"self":[{"href":"https:\/\/www.hrexperience.rs\/en\/wp-json\/wp\/v2\/posts\/8609","targetHints":{"allow":["GET"]}}],"collection":[{"href":"https:\/\/www.hrexperience.rs\/en\/wp-json\/wp\/v2\/posts"}],"about":[{"href":"https:\/\/www.hrexperience.rs\/en\/wp-json\/wp\/v2\/types\/post"}],"author":[{"embeddable":true,"href":"https:\/\/www.hrexperience.rs\/en\/wp-json\/wp\/v2\/users\/1"}],"replies":[{"embeddable":true,"href":"https:\/\/www.hrexperience.rs\/en\/wp-json\/wp\/v2\/comments?post=8609"}],"version-history":[{"count":1,"href":"https:\/\/www.hrexperience.rs\/en\/wp-json\/wp\/v2\/posts\/8609\/revisions"}],"predecessor-version":[{"id":8611,"href":"https:\/\/www.hrexperience.rs\/en\/wp-json\/wp\/v2\/posts\/8609\/revisions\/8611"}],"wp:featuredmedia":[{"embeddable":true,"href":"https:\/\/www.hrexperience.rs\/en\/wp-json\/wp\/v2\/media\/8610"}],"wp:attachment":[{"href":"https:\/\/www.hrexperience.rs\/en\/wp-json\/wp\/v2\/media?parent=8609"}],"wp:term":[{"taxonomy":"category","embeddable":true,"href":"https:\/\/www.hrexperience.rs\/en\/wp-json\/wp\/v2\/categories?post=8609"},{"taxonomy":"post_tag","embeddable":true,"href":"https:\/\/www.hrexperience.rs\/en\/wp-json\/wp\/v2\/tags?post=8609"}],"curies":[{"name":"wp","href":"https:\/\/api.w.org\/{rel}","templated":true}]}}