
{"id":6927,"date":"2024-06-24T08:22:46","date_gmt":"2024-06-24T06:22:46","guid":{"rendered":"https:\/\/www.hrexperience.rs\/?p=6927"},"modified":"2024-06-26T08:55:20","modified_gmt":"2024-06-26T06:55:20","slug":"delhaize-serbia-ide-flex-mladi-biraju-kada-i-koliko-rade","status":"publish","type":"post","link":"https:\/\/www.hrexperience.rs\/en\/vesti\/delhaize-serbia-ide-flex-mladi-biraju-kada-i-koliko-rade\/","title":{"rendered":"Delhaize Serbia: Ide Flex \u2013 mladi biraju kada i koliko rade"},"content":{"rendered":"<p><span data-contrast=\"none\">\u0160esta\u202fkonferencija HR Experience, u organizaciji Infostuda, odr\u017eana je\u202f30. maja\u202fu Sava centru u Beogradu i na njoj su tr<\/span><span data-contrast=\"none\">adicionalno predstavljene najuspe\u0161nije HR pri\u010de po mi\u0161ljenju nezavisnog \u017eirija u sastavu Aleksandra Dutina, Ivanka Novakovi\u0107 i \u017daklina Teofilovi\u0107.\u00a0<\/span><span data-ccp-props=\"{&quot;201341983&quot;:0,&quot;335559739&quot;:0,&quot;335559740&quot;:240}\">\u00a0<\/span><\/p>\n<p><b><span data-contrast=\"none\">\u201cHR Successl Stories\u201d<\/span><\/b><span data-contrast=\"none\">\u202fje projekat koji se ve\u0107 6\u00a0 godina realizuje u okviru konferencije \u201cHR Experience\u201d, promovi\u0161u\u0107i razmenu prakti\u010dnih znanja i iskustava stru\u010dnjaka iz domena ljudskih resursa, a zarad unapre\u0111enja ove oblasti u na\u0161oj zemlji.<\/span><span data-ccp-props=\"{&quot;201341983&quot;:0,&quot;335559739&quot;:0,&quot;335559740&quot;:240}\">\u00a0<\/span><\/p>\n<p><b><span data-contrast=\"none\">Projekat \u201cIde Flex\u201d, kompanije Delhaize Serbia, jedna je od 5 najuspe\u0161nijih HR pri\u010da <\/span><\/b><span data-contrast=\"none\">koje su izabrane me\u0111u 42 prakse pristigle na ovogodi\u0161nji konkurs.\u00a0<\/span><span data-ccp-props=\"{&quot;201341983&quot;:0,&quot;335559739&quot;:160,&quot;335559740&quot;:259}\">\u00a0<\/span><\/p>\n<h2 aria-level=\"2\"><strong>\u0160ta je Flex?\u00a0<\/strong><\/h2>\n<p><b><span data-contrast=\"none\">Flex je model radnog anga\u017eovanja mladih od 15 do 26 godina u prodavnicama ove kompanije.<\/span><\/b><span data-contrast=\"none\"> Mladi biraju kad i koliko rade za svoj d\u017eeparac: <\/span><span data-contrast=\"auto\">9, 12 ili 16 sati nedeljno, radnim danima i\/ili vikendom, pre podne, u me\u0111usmeni ili popodne. Pored toga, zavisno od slobodnih mesta, mladi anga\u017eovani preko ovog modela imaju mogu\u0107nost i da izaberu prodavnicu Deleze Srbija u kojoj \u0107e raditi, zavisno od blizine mesta stanovanja ili fakulteta. Kada je u pitanju zarada, ona zavisi od broja radnih sati, ali i du\u017eine kontinuiranog anga\u017eovanja \u2013 posle tri i \u0161est meseci, cena sata se uve\u0107ava.<\/span><span data-ccp-props=\"{&quot;134233117&quot;:false,&quot;134233118&quot;:false,&quot;201341983&quot;:0,&quot;335559738&quot;:0,&quot;335559739&quot;:0,&quot;335559740&quot;:240}\">\u00a0<\/span><\/p>\n<p><b><span data-contrast=\"auto\">U pitanju je inovativni model radnog anga\u017eovanja na na\u0161em tr\u017ei\u0161tu, te je zbog toga, zbog povoljnosti koje se na na\u0161em tr\u017ei\u0161tu mladima retko nude<\/span><\/b><span data-contrast=\"auto\">, kao i zbog uspe\u0161ne \u201cIde flex\u201d kampanje, ovaj projekat \u0161iroko poznat i van poslovne i HR zajednice.<\/span><span data-ccp-props=\"{&quot;201341983&quot;:0,&quot;335559739&quot;:160,&quot;335559740&quot;:259}\">\u00a0<\/span><\/p>\n<h3 aria-level=\"2\"><span data-contrast=\"none\">Model radnog anga\u017eovanja prilago\u0111en mladima<\/span><span data-ccp-props=\"{&quot;134245418&quot;:true,&quot;134245529&quot;:true,&quot;201341983&quot;:0,&quot;335559738&quot;:40,&quot;335559739&quot;:0,&quot;335559740&quot;:259}\">\u00a0<\/span><\/h3>\n<p><span data-contrast=\"auto\">&#8211; Ovakav model rada, iako poznat u svetu, nije bio posebno aktuelan na tr\u017ei\u0161tu Srbije, te smo kao kompanija istupili i ponudili odli\u010dan model. Uspeli da privu\u010demo vi\u0161e od 17.000 mladih da se prijave, a anga\u017eovali smo oko 5.000 njih u gradovima \u0161irom Srbije<\/span><b><span data-contrast=\"auto\">. <\/span><\/b><span data-contrast=\"auto\">Ide Flex model uspostavljen je sa<\/span><b><span data-contrast=\"auto\"> ciljem popunjavanja upra\u017enjenih pozicija u na\u0161im prodavnicama, kao i sa ciljem pru\u017eanja mogu\u0107nosti mladima da rade\u0107i fleksibilno radno vreme zarade za d\u017eeparac i steknu prve radne navike i iskustva<\/span><\/b><span data-contrast=\"auto\">, rekli su <\/span><span data-contrast=\"none\">Nemanja Kovi\u0107 i Bo\u0161ko Ilijev, koji su na konferenciji HR Experience ispred kompanije Delhaize Serbia predstavili projekat \u201cIde Flex\u201d.<\/span><span data-ccp-props=\"{&quot;201341983&quot;:0,&quot;335559739&quot;:160,&quot;335559740&quot;:259}\">\u00a0<\/span><\/p>\n<p><span data-contrast=\"none\">Oni su objasnili za\u0161to je kompanija Delhaize Serbia pokrenula ovaj projekat:\u00a0<\/span><span data-ccp-props=\"{&quot;201341983&quot;:0,&quot;335559739&quot;:160,&quot;335559740&quot;:259}\">\u00a0<\/span><\/p>\n<p><span data-contrast=\"none\">&#8211; <\/span><span data-contrast=\"none\">Da bismo oja\u010dali timove u prodavnicama sa mladom radnom<\/span> <span data-contrast=\"none\">snagom, da bismo im kao dru\u0161tveno odgovorna kompanija pru\u017eili mogu\u0107nost da steknu prva radna iskustva, zarade ozbiljan d\u017eeparac, da bismo najbolje nagradili super stipendijama i osna\u017eili mlade, podr\u017eali njihovo osamostaljivanje i ulazak u poslovni svet, istakli su predstavnici Delhaize Serbia.<\/span><span data-ccp-props=\"{&quot;201341983&quot;:0,&quot;335559739&quot;:160,&quot;335559740&quot;:259}\">\u00a0<\/span><\/p>\n<p><span data-contrast=\"auto\"><img loading=\"lazy\" decoding=\"async\" class=\"alignnone size-large wp-image-6928\" src=\"https:\/\/www.hrexperience.rs\/wp-content\/uploads\/2024\/06\/0.naslovna-1024x682.jpg\" alt=\"\" width=\"1024\" height=\"682\" srcset=\"https:\/\/www.hrexperience.rs\/wp-content\/uploads\/2024\/06\/0.naslovna-1024x682.jpg 1024w, https:\/\/www.hrexperience.rs\/wp-content\/uploads\/2024\/06\/0.naslovna-300x200.jpg 300w, https:\/\/www.hrexperience.rs\/wp-content\/uploads\/2024\/06\/0.naslovna-768x511.jpg 768w, https:\/\/www.hrexperience.rs\/wp-content\/uploads\/2024\/06\/0.naslovna-1536x1023.jpg 1536w, https:\/\/www.hrexperience.rs\/wp-content\/uploads\/2024\/06\/0.naslovna-900x600.jpg 900w, https:\/\/www.hrexperience.rs\/wp-content\/uploads\/2024\/06\/0.naslovna.jpg 2000w\" sizes=\"auto, (max-width: 1024px) 100vw, 1024px\" \/><\/span><\/p>\n<h3><span data-contrast=\"auto\">O po\u010decima projekta Nemanja i Bo\u0161ko su rekli:\u00a0<\/span><span data-ccp-props=\"{&quot;201341983&quot;:0,&quot;335559739&quot;:160,&quot;335559740&quot;:259}\">\u00a0<\/span><\/h3>\n<p><span data-contrast=\"auto\">&#8211; U oktobru 2022. godine uspostavljen je Flex model. <\/span><span data-contrast=\"auto\">Te godine smo s<\/span><span data-contrast=\"none\">proveli merenje svih aktivnosti i utvrdili koliko je ta\u010dno vremena i ljudi potrebno za realizaciju. Definisali smo vremenske prozore za aktivnosti, promenili gomilu internih pravila i procedura, utvrdili gde \u0107e nam mlade snage biti najpotrebnije, napravili probni model i krenuli sa testiranjem u 20 pilot radnji.<\/span><span data-ccp-props=\"{&quot;201341983&quot;:0,&quot;335559739&quot;:160,&quot;335559740&quot;:259}\">\u00a0<\/span><\/p>\n<h3 aria-level=\"2\"><span data-contrast=\"none\">Promotivna kampanja: sleng i poja\u010danje<\/span><span data-ccp-props=\"{&quot;134245418&quot;:true,&quot;134245529&quot;:true,&quot;201341983&quot;:0,&quot;335559738&quot;:40,&quot;335559739&quot;:0,&quot;335559740&quot;:259}\">\u00a0<\/span><\/h3>\n<p><span data-contrast=\"auto\">Po uspostavljanju modela usledila je sna\u017ena promotivna kampanja, inspirisana mladima, njihovim hobijima i slengom, a paralelno, u kompaniji je osnovan i zaseban tim zadu\u017een za koordinaciju ovog modela na liniji kandidati \u2013 prodavnice \u2013 omladinska zadruga.\u00a0<\/span><span data-ccp-props=\"{&quot;201341983&quot;:0,&quot;335559739&quot;:160,&quot;335559740&quot;:259}\">\u00a0<\/span><\/p>\n<p><b><span data-contrast=\"none\">Kompanija je promociju po\u010dela od svojih zaposlenih \u2013 internom kampanjom. <\/span><\/b><span data-contrast=\"none\">Ona je realizovana u dva pravca i sa dva cilja: privu\u0107i decu zaposlenih i promovisati <\/span><b><span data-contrast=\"none\">Ide Flex model me\u0111u zaposlenima<\/span><\/b><span data-contrast=\"none\">, jer je njihova podr\u0161ka realizaciji bila klju\u010dna. Moto interne kampanje bio je: <\/span><b><span data-contrast=\"none\">IDE FLEX, IDE POJA\u010cANJE! <\/span><\/b><span data-contrast=\"none\">Dodatne komunikacije su bile tako\u0111e u skladu sa ciljevima projekta: sti\u017eem da pomognem, dolazim da nau\u010dim, radujem se da u\u010dim od vas, \u017eelim da budem \u0161to bolji kolega.<\/span><span data-ccp-props=\"{&quot;134233117&quot;:false,&quot;134233118&quot;:false,&quot;201341983&quot;:0,&quot;335559738&quot;:0,&quot;335559739&quot;:0,&quot;335559740&quot;:240}\">\u00a0<\/span><\/p>\n<p><b><span data-contrast=\"none\">Nakon interne, na red je do\u0161la i eksterna promocija. <\/span><\/b><span data-contrast=\"none\">Headline eksterne kampanje je bio <\/span><b><span data-contrast=\"none\">IDE FLEX! <\/span><\/b><span data-contrast=\"none\">Dodatne komunikacije su naglasile osnovne prednosti ovog anga\u017eovanja: <\/span><b><span data-contrast=\"none\">biraj kad i koliko radi\u0161 za ozbiljan d\u017eeparac, biraj kad i koliko radi\u0161 i uskladi \u0161kolu i posao, biraj kad i koliko radi\u0161 i obezbedi Maxi stipendiju<\/span><\/b><span data-contrast=\"none\">.\u00a0<\/span><span data-ccp-props=\"{&quot;201341983&quot;:0,&quot;335559739&quot;:160,&quot;335559740&quot;:259}\">\u00a0<\/span><\/p>\n<p><span data-contrast=\"none\">Kampanja je uklju\u010dila televiziju, autobuska stajali\u0161ta, dru\u0161tvene mre\u017ee, radio. O njenom uspehu kampanje govore brojevi koje su predstavili Nemanja Kovi\u0107 i Bo\u0161ko Ilijev, ali i broj prijava koje su od kraja 2022. godine do kraja 2023. prema\u0161ile 12.000 mladih.\u00a0<\/span><span data-ccp-props=\"{&quot;201341983&quot;:0,&quot;335559739&quot;:160,&quot;335559740&quot;:259}\">\u00a0<\/span><\/p>\n<h3 aria-level=\"2\"><span data-contrast=\"none\">Stipendije za \u201cflexovce\u201d koji su imali najbolje ocene u \u0161koli i na poslu<\/span><span data-ccp-props=\"{&quot;134245418&quot;:true,&quot;134245529&quot;:true,&quot;201341983&quot;:0,&quot;335559738&quot;:40,&quot;335559739&quot;:0,&quot;335559740&quot;:259}\">\u00a0<\/span><\/h3>\n<p><span data-contrast=\"auto\">&#8211; Kako nam je od samog po\u010detka bilo va\u017eno da \u0161kola ne ispa\u0161ta zbog posla, obezbedili smo i \u201e<\/span><b><span data-contrast=\"auto\">Ide Flex<\/span><\/b><span data-contrast=\"auto\">\u201c stipendije kao dodatni motiv mladima da u\u010de, razvijaju sebe i svoja znanja i sutra budu jo\u0161 uspe\u0161niji ljudi. Prve stipendije dodelili smo u septembru 2023. godine za najboljih 50 \u201eflexovaca\u201c koji su imali najbolje ocene i u \u0161koli i u na poslu, a ovo \u0107e postati tradicija i za generacije koje dolaze, rekli su Bo\u0161ko Ilijev i Nemanja Kovi\u0107.<\/span><span data-ccp-props=\"{&quot;201341983&quot;:0,&quot;335559739&quot;:160,&quot;335559740&quot;:259}\">\u00a0<\/span><\/p>\n<p><span data-contrast=\"auto\">Dodali su da je \u201eIde Flex\u201d omogu\u0107io mladima da zarade novac i steknu svoja prva radna iskustva, a da time ne ugroze svoje \u0161kolovanje, \u0161to je retka prilika na na\u0161em tr\u017ei\u0161tu rada.\u00a0<\/span><span data-ccp-props=\"{&quot;201341983&quot;:0,&quot;335559739&quot;:160,&quot;335559740&quot;:259}\">\u00a0<\/span><\/p>\n<p aria-level=\"2\"><strong> <img loading=\"lazy\" decoding=\"async\" class=\"alignnone size-large wp-image-6930\" src=\"https:\/\/www.hrexperience.rs\/wp-content\/uploads\/2024\/06\/tekstprateic-1024x682.jpg\" alt=\"\" width=\"1024\" height=\"682\" srcset=\"https:\/\/www.hrexperience.rs\/wp-content\/uploads\/2024\/06\/tekstprateic-1024x682.jpg 1024w, https:\/\/www.hrexperience.rs\/wp-content\/uploads\/2024\/06\/tekstprateic-300x200.jpg 300w, https:\/\/www.hrexperience.rs\/wp-content\/uploads\/2024\/06\/tekstprateic-768x511.jpg 768w, https:\/\/www.hrexperience.rs\/wp-content\/uploads\/2024\/06\/tekstprateic-1536x1023.jpg 1536w, https:\/\/www.hrexperience.rs\/wp-content\/uploads\/2024\/06\/tekstprateic-900x600.jpg 900w, https:\/\/www.hrexperience.rs\/wp-content\/uploads\/2024\/06\/tekstprateic.jpg 2000w\" sizes=\"auto, (max-width: 1024px) 100vw, 1024px\" \/><\/strong><\/p>\n<h2 aria-level=\"2\"><strong>A \u0161ta je dobila kompanija Delhaize Srbija?<\/strong><\/h2>\n<p><b><span data-contrast=\"auto\">&#8211; Model \u201eIde Flex\u201c osna\u017eio je na\u0161e timove u radnjama, a mi smo dobili sjajne mlade ljude voljne da u\u010de i rade, sti\u010du nova iskustva i poznanstva. <\/span><\/b><span data-contrast=\"auto\">Kompanija je tako\u0111e mnogo dobila ovim projektom: podmla\u0111ivanje radne snage, popunjavanje upra\u017enjenih pozicija u radnjama, pomo\u0107 kolegama u radnjama, promena percepcije poslodavca, posebno me\u0111u mladim ljudima. U radnjama i timovima pojavila se nova i druga\u010dija energija, zaklju\u010dili su Bo\u0161ko Ilijev i Nemanja Kovi\u0107 ispred Delhaize Serbia.<\/span><span data-ccp-props=\"{&quot;201341983&quot;:0,&quot;335559739&quot;:160,&quot;335559740&quot;:259}\">\u00a0<\/span><\/p>\n<p><span data-ccp-props=\"{&quot;201341983&quot;:0,&quot;335559739&quot;:160,&quot;335559740&quot;:259}\">\u00a0<\/span><\/p>","protected":false},"excerpt":{"rendered":"<p>\u0160esta\u202fkonferencija HR Experience, u organizaciji Infostuda, odr\u017eana je\u202f30. maja\u202fu Sava centru u Beogradu i na njoj su tradicionalno predstavljene najuspe\u0161nije HR pri\u010de po mi\u0161ljenju nezavisnog \u017eirija u sastavu Aleksandra Dutina,&#8230;<\/p>","protected":false},"author":1,"featured_media":6929,"comment_status":"closed","ping_status":"closed","sticky":false,"template":"","format":"standard","meta":{"footnotes":""},"categories":[1],"tags":[],"class_list":{"0":"post-6927","1":"post","2":"type-post","3":"status-publish","4":"format-standard","5":"has-post-thumbnail","7":"category-vesti"},"yoast_head":"<!-- This site is optimized with the Yoast SEO plugin v24.2 - https:\/\/yoast.com\/wordpress\/plugins\/seo\/ -->\n<title>Delhaize Serbia: Ide Flex \u2013 mladi biraju kada i koliko rade - HR Experience<\/title>\n<meta name=\"robots\" content=\"index, follow, max-snippet:-1, max-image-preview:large, max-video-preview:-1\" \/>\n<link rel=\"canonical\" href=\"https:\/\/www.hrexperience.rs\/en\/vesti\/delhaize-serbia-ide-flex-mladi-biraju-kada-i-koliko-rade\/\" \/>\n<meta property=\"og:locale\" content=\"en_US\" \/>\n<meta property=\"og:type\" content=\"article\" \/>\n<meta property=\"og:title\" content=\"Delhaize Serbia: Ide Flex \u2013 mladi biraju kada i koliko rade - HR Experience\" \/>\n<meta property=\"og:description\" content=\"\u0160esta\u202fkonferencija HR Experience, u organizaciji Infostuda, odr\u017eana je\u202f30. maja\u202fu Sava centru u Beogradu i na njoj su tradicionalno predstavljene najuspe\u0161nije HR pri\u010de po mi\u0161ljenju nezavisnog \u017eirija u sastavu Aleksandra Dutina,...\" \/>\n<meta property=\"og:url\" content=\"https:\/\/www.hrexperience.rs\/en\/vesti\/delhaize-serbia-ide-flex-mladi-biraju-kada-i-koliko-rade\/\" \/>\n<meta property=\"og:site_name\" content=\"HR Experience\" \/>\n<meta property=\"article:publisher\" content=\"https:\/\/www.facebook.com\/poslovi\" \/>\n<meta property=\"article:author\" content=\"https:\/\/www.facebook.com\/poslovi\" \/>\n<meta property=\"article:published_time\" content=\"2024-06-24T06:22:46+00:00\" \/>\n<meta property=\"article:modified_time\" content=\"2024-06-26T06:55:20+00:00\" \/>\n<meta property=\"og:image\" content=\"https:\/\/www.hrexperience.rs\/wp-content\/uploads\/2024\/06\/00.naslovna.jpg\" \/>\n\t<meta property=\"og:image:width\" content=\"2000\" \/>\n\t<meta property=\"og:image:height\" content=\"1333\" \/>\n\t<meta property=\"og:image:type\" content=\"image\/jpeg\" \/>\n<meta name=\"author\" content=\"HR Experience\" \/>\n<meta name=\"twitter:card\" content=\"summary_large_image\" \/>\n<meta name=\"twitter:creator\" content=\"@posloviinfostud\" \/>\n<meta name=\"twitter:site\" content=\"@infostud\" \/>\n<meta name=\"twitter:label1\" content=\"Written by\" \/>\n\t<meta name=\"twitter:data1\" content=\"HR Experience\" \/>\n\t<meta name=\"twitter:label2\" content=\"Est. reading time\" \/>\n\t<meta name=\"twitter:data2\" content=\"6 minutes\" \/>\n<script type=\"application\/ld+json\" class=\"yoast-schema-graph\">{\"@context\":\"https:\/\/schema.org\",\"@graph\":[{\"@type\":\"Article\",\"@id\":\"https:\/\/www.hrexperience.rs\/vesti\/delhaize-serbia-ide-flex-mladi-biraju-kada-i-koliko-rade\/#article\",\"isPartOf\":{\"@id\":\"https:\/\/www.hrexperience.rs\/vesti\/delhaize-serbia-ide-flex-mladi-biraju-kada-i-koliko-rade\/\"},\"author\":{\"name\":\"HR Experience\",\"@id\":\"https:\/\/www.hrexperience.rs\/#\/schema\/person\/18ca12885ca437967d735f6aa840502a\"},\"headline\":\"Delhaize Serbia: Ide Flex \u2013 mladi biraju kada i koliko rade\",\"datePublished\":\"2024-06-24T06:22:46+00:00\",\"dateModified\":\"2024-06-26T06:55:20+00:00\",\"mainEntityOfPage\":{\"@id\":\"https:\/\/www.hrexperience.rs\/vesti\/delhaize-serbia-ide-flex-mladi-biraju-kada-i-koliko-rade\/\"},\"wordCount\":969,\"publisher\":{\"@id\":\"https:\/\/www.hrexperience.rs\/#organization\"},\"image\":{\"@id\":\"https:\/\/www.hrexperience.rs\/vesti\/delhaize-serbia-ide-flex-mladi-biraju-kada-i-koliko-rade\/#primaryimage\"},\"thumbnailUrl\":\"https:\/\/www.hrexperience.rs\/wp-content\/uploads\/2024\/06\/00.naslovna.jpg\",\"articleSection\":[\"Vesti\"],\"inLanguage\":\"en-US\"},{\"@type\":\"WebPage\",\"@id\":\"https:\/\/www.hrexperience.rs\/vesti\/delhaize-serbia-ide-flex-mladi-biraju-kada-i-koliko-rade\/\",\"url\":\"https:\/\/www.hrexperience.rs\/vesti\/delhaize-serbia-ide-flex-mladi-biraju-kada-i-koliko-rade\/\",\"name\":\"Delhaize Serbia: Ide Flex \u2013 mladi biraju kada i koliko rade - HR Experience\",\"isPartOf\":{\"@id\":\"https:\/\/www.hrexperience.rs\/#website\"},\"primaryImageOfPage\":{\"@id\":\"https:\/\/www.hrexperience.rs\/vesti\/delhaize-serbia-ide-flex-mladi-biraju-kada-i-koliko-rade\/#primaryimage\"},\"image\":{\"@id\":\"https:\/\/www.hrexperience.rs\/vesti\/delhaize-serbia-ide-flex-mladi-biraju-kada-i-koliko-rade\/#primaryimage\"},\"thumbnailUrl\":\"https:\/\/www.hrexperience.rs\/wp-content\/uploads\/2024\/06\/00.naslovna.jpg\",\"datePublished\":\"2024-06-24T06:22:46+00:00\",\"dateModified\":\"2024-06-26T06:55:20+00:00\",\"inLanguage\":\"en-US\",\"potentialAction\":[{\"@type\":\"ReadAction\",\"target\":[\"https:\/\/www.hrexperience.rs\/vesti\/delhaize-serbia-ide-flex-mladi-biraju-kada-i-koliko-rade\/\"]}]},{\"@type\":\"ImageObject\",\"inLanguage\":\"en-US\",\"@id\":\"https:\/\/www.hrexperience.rs\/vesti\/delhaize-serbia-ide-flex-mladi-biraju-kada-i-koliko-rade\/#primaryimage\",\"url\":\"https:\/\/www.hrexperience.rs\/wp-content\/uploads\/2024\/06\/00.naslovna.jpg\",\"contentUrl\":\"https:\/\/www.hrexperience.rs\/wp-content\/uploads\/2024\/06\/00.naslovna.jpg\",\"width\":2000,\"height\":1333},{\"@type\":\"WebSite\",\"@id\":\"https:\/\/www.hrexperience.rs\/#website\",\"url\":\"https:\/\/www.hrexperience.rs\/\",\"name\":\"HR Experience\",\"description\":\"Trendovi. Prakse. Inspiracija.\",\"publisher\":{\"@id\":\"https:\/\/www.hrexperience.rs\/#organization\"},\"potentialAction\":[{\"@type\":\"SearchAction\",\"target\":{\"@type\":\"EntryPoint\",\"urlTemplate\":\"https:\/\/www.hrexperience.rs\/?s={search_term_string}\"},\"query-input\":{\"@type\":\"PropertyValueSpecification\",\"valueRequired\":true,\"valueName\":\"search_term_string\"}}],\"inLanguage\":\"en-US\"},{\"@type\":\"Organization\",\"@id\":\"https:\/\/www.hrexperience.rs\/#organization\",\"name\":\"HRexperience\",\"url\":\"https:\/\/www.hrexperience.rs\/\",\"logo\":{\"@type\":\"ImageObject\",\"inLanguage\":\"en-US\",\"@id\":\"https:\/\/www.hrexperience.rs\/#\/schema\/logo\/image\/\",\"url\":\"https:\/\/www.hrexperience.rs\/wp-content\/uploads\/2021\/12\/hrexperience-2022-logo.svg\",\"contentUrl\":\"https:\/\/www.hrexperience.rs\/wp-content\/uploads\/2021\/12\/hrexperience-2022-logo.svg\",\"width\":1,\"height\":1,\"caption\":\"HRexperience\"},\"image\":{\"@id\":\"https:\/\/www.hrexperience.rs\/#\/schema\/logo\/image\/\"},\"sameAs\":[\"https:\/\/www.facebook.com\/poslovi\",\"https:\/\/x.com\/infostud\",\"https:\/\/www.instagram.com\/poslovi_infostud\/\",\"https:\/\/www.linkedin.com\/company\/poslovi-infostud\/\",\"https:\/\/www.youtube.com\/c\/infostudposlovi\",\"https:\/\/sr.wikipedia.org\/sr-el\/Infostud\"]},{\"@type\":\"Person\",\"@id\":\"https:\/\/www.hrexperience.rs\/#\/schema\/person\/18ca12885ca437967d735f6aa840502a\",\"name\":\"HR Experience\",\"image\":{\"@type\":\"ImageObject\",\"inLanguage\":\"en-US\",\"@id\":\"https:\/\/www.hrexperience.rs\/#\/schema\/person\/image\/\",\"url\":\"https:\/\/secure.gravatar.com\/avatar\/1cc0ea018b38b0add0f1bc0a31c4c290?s=96&d=mm&r=g\",\"contentUrl\":\"https:\/\/secure.gravatar.com\/avatar\/1cc0ea018b38b0add0f1bc0a31c4c290?s=96&d=mm&r=g\",\"caption\":\"HR Experience\"},\"description\":\"Trendovi. Prakse. Inovacije.\",\"sameAs\":[\"https:\/\/www.hrexperience.rs\",\"https:\/\/www.facebook.com\/poslovi\",\"https:\/\/www.instagram.com\/poslovi_infostud\/\",\"https:\/\/www.linkedin.com\/company\/poslovi-infostud\/\",\"https:\/\/x.com\/posloviinfostud\",\"https:\/\/www.youtube.com\/c\/infostudposlovi\",\"https:\/\/sr.wikipedia.org\/sr-el\/\u0418\u043d\u0444\u043e\u0441\u0442\u0443\u0434\"]}]}<\/script>\n<!-- \/ Yoast SEO plugin. -->","yoast_head_json":{"title":"Delhaize Serbia: Ide Flex \u2013 mladi biraju kada i koliko rade - HR Experience","robots":{"index":"index","follow":"follow","max-snippet":"max-snippet:-1","max-image-preview":"max-image-preview:large","max-video-preview":"max-video-preview:-1"},"canonical":"https:\/\/www.hrexperience.rs\/en\/vesti\/delhaize-serbia-ide-flex-mladi-biraju-kada-i-koliko-rade\/","og_locale":"en_US","og_type":"article","og_title":"Delhaize Serbia: Ide Flex \u2013 mladi biraju kada i koliko rade - HR Experience","og_description":"\u0160esta\u202fkonferencija HR Experience, u organizaciji Infostuda, odr\u017eana je\u202f30. maja\u202fu Sava centru u Beogradu i na njoj su tradicionalno predstavljene najuspe\u0161nije HR pri\u010de po mi\u0161ljenju nezavisnog \u017eirija u sastavu Aleksandra Dutina,...","og_url":"https:\/\/www.hrexperience.rs\/en\/vesti\/delhaize-serbia-ide-flex-mladi-biraju-kada-i-koliko-rade\/","og_site_name":"HR Experience","article_publisher":"https:\/\/www.facebook.com\/poslovi","article_author":"https:\/\/www.facebook.com\/poslovi","article_published_time":"2024-06-24T06:22:46+00:00","article_modified_time":"2024-06-26T06:55:20+00:00","og_image":[{"width":2000,"height":1333,"url":"https:\/\/www.hrexperience.rs\/wp-content\/uploads\/2024\/06\/00.naslovna.jpg","type":"image\/jpeg"}],"author":"HR Experience","twitter_card":"summary_large_image","twitter_creator":"@posloviinfostud","twitter_site":"@infostud","twitter_misc":{"Written by":"HR Experience","Est. reading time":"6 minutes"},"schema":{"@context":"https:\/\/schema.org","@graph":[{"@type":"Article","@id":"https:\/\/www.hrexperience.rs\/vesti\/delhaize-serbia-ide-flex-mladi-biraju-kada-i-koliko-rade\/#article","isPartOf":{"@id":"https:\/\/www.hrexperience.rs\/vesti\/delhaize-serbia-ide-flex-mladi-biraju-kada-i-koliko-rade\/"},"author":{"name":"HR Experience","@id":"https:\/\/www.hrexperience.rs\/#\/schema\/person\/18ca12885ca437967d735f6aa840502a"},"headline":"Delhaize Serbia: Ide Flex \u2013 mladi biraju kada i koliko rade","datePublished":"2024-06-24T06:22:46+00:00","dateModified":"2024-06-26T06:55:20+00:00","mainEntityOfPage":{"@id":"https:\/\/www.hrexperience.rs\/vesti\/delhaize-serbia-ide-flex-mladi-biraju-kada-i-koliko-rade\/"},"wordCount":969,"publisher":{"@id":"https:\/\/www.hrexperience.rs\/#organization"},"image":{"@id":"https:\/\/www.hrexperience.rs\/vesti\/delhaize-serbia-ide-flex-mladi-biraju-kada-i-koliko-rade\/#primaryimage"},"thumbnailUrl":"https:\/\/www.hrexperience.rs\/wp-content\/uploads\/2024\/06\/00.naslovna.jpg","articleSection":["Vesti"],"inLanguage":"en-US"},{"@type":"WebPage","@id":"https:\/\/www.hrexperience.rs\/vesti\/delhaize-serbia-ide-flex-mladi-biraju-kada-i-koliko-rade\/","url":"https:\/\/www.hrexperience.rs\/vesti\/delhaize-serbia-ide-flex-mladi-biraju-kada-i-koliko-rade\/","name":"Delhaize Serbia: Ide Flex \u2013 mladi biraju kada i koliko rade - HR Experience","isPartOf":{"@id":"https:\/\/www.hrexperience.rs\/#website"},"primaryImageOfPage":{"@id":"https:\/\/www.hrexperience.rs\/vesti\/delhaize-serbia-ide-flex-mladi-biraju-kada-i-koliko-rade\/#primaryimage"},"image":{"@id":"https:\/\/www.hrexperience.rs\/vesti\/delhaize-serbia-ide-flex-mladi-biraju-kada-i-koliko-rade\/#primaryimage"},"thumbnailUrl":"https:\/\/www.hrexperience.rs\/wp-content\/uploads\/2024\/06\/00.naslovna.jpg","datePublished":"2024-06-24T06:22:46+00:00","dateModified":"2024-06-26T06:55:20+00:00","inLanguage":"en-US","potentialAction":[{"@type":"ReadAction","target":["https:\/\/www.hrexperience.rs\/vesti\/delhaize-serbia-ide-flex-mladi-biraju-kada-i-koliko-rade\/"]}]},{"@type":"ImageObject","inLanguage":"en-US","@id":"https:\/\/www.hrexperience.rs\/vesti\/delhaize-serbia-ide-flex-mladi-biraju-kada-i-koliko-rade\/#primaryimage","url":"https:\/\/www.hrexperience.rs\/wp-content\/uploads\/2024\/06\/00.naslovna.jpg","contentUrl":"https:\/\/www.hrexperience.rs\/wp-content\/uploads\/2024\/06\/00.naslovna.jpg","width":2000,"height":1333},{"@type":"WebSite","@id":"https:\/\/www.hrexperience.rs\/#website","url":"https:\/\/www.hrexperience.rs\/","name":"HR Experience","description":"Trendovi. Prakse. Inspiracija.","publisher":{"@id":"https:\/\/www.hrexperience.rs\/#organization"},"potentialAction":[{"@type":"SearchAction","target":{"@type":"EntryPoint","urlTemplate":"https:\/\/www.hrexperience.rs\/?s={search_term_string}"},"query-input":{"@type":"PropertyValueSpecification","valueRequired":true,"valueName":"search_term_string"}}],"inLanguage":"en-US"},{"@type":"Organization","@id":"https:\/\/www.hrexperience.rs\/#organization","name":"HRexperience","url":"https:\/\/www.hrexperience.rs\/","logo":{"@type":"ImageObject","inLanguage":"en-US","@id":"https:\/\/www.hrexperience.rs\/#\/schema\/logo\/image\/","url":"https:\/\/www.hrexperience.rs\/wp-content\/uploads\/2021\/12\/hrexperience-2022-logo.svg","contentUrl":"https:\/\/www.hrexperience.rs\/wp-content\/uploads\/2021\/12\/hrexperience-2022-logo.svg","width":1,"height":1,"caption":"HRexperience"},"image":{"@id":"https:\/\/www.hrexperience.rs\/#\/schema\/logo\/image\/"},"sameAs":["https:\/\/www.facebook.com\/poslovi","https:\/\/x.com\/infostud","https:\/\/www.instagram.com\/poslovi_infostud\/","https:\/\/www.linkedin.com\/company\/poslovi-infostud\/","https:\/\/www.youtube.com\/c\/infostudposlovi","https:\/\/sr.wikipedia.org\/sr-el\/Infostud"]},{"@type":"Person","@id":"https:\/\/www.hrexperience.rs\/#\/schema\/person\/18ca12885ca437967d735f6aa840502a","name":"HR Experience","image":{"@type":"ImageObject","inLanguage":"en-US","@id":"https:\/\/www.hrexperience.rs\/#\/schema\/person\/image\/","url":"https:\/\/secure.gravatar.com\/avatar\/1cc0ea018b38b0add0f1bc0a31c4c290?s=96&d=mm&r=g","contentUrl":"https:\/\/secure.gravatar.com\/avatar\/1cc0ea018b38b0add0f1bc0a31c4c290?s=96&d=mm&r=g","caption":"HR Experience"},"description":"Trendovi. Prakse. Inovacije.","sameAs":["https:\/\/www.hrexperience.rs","https:\/\/www.facebook.com\/poslovi","https:\/\/www.instagram.com\/poslovi_infostud\/","https:\/\/www.linkedin.com\/company\/poslovi-infostud\/","https:\/\/x.com\/posloviinfostud","https:\/\/www.youtube.com\/c\/infostudposlovi","https:\/\/sr.wikipedia.org\/sr-el\/\u0418\u043d\u0444\u043e\u0441\u0442\u0443\u0434"]}]}},"_links":{"self":[{"href":"https:\/\/www.hrexperience.rs\/en\/wp-json\/wp\/v2\/posts\/6927","targetHints":{"allow":["GET"]}}],"collection":[{"href":"https:\/\/www.hrexperience.rs\/en\/wp-json\/wp\/v2\/posts"}],"about":[{"href":"https:\/\/www.hrexperience.rs\/en\/wp-json\/wp\/v2\/types\/post"}],"author":[{"embeddable":true,"href":"https:\/\/www.hrexperience.rs\/en\/wp-json\/wp\/v2\/users\/1"}],"replies":[{"embeddable":true,"href":"https:\/\/www.hrexperience.rs\/en\/wp-json\/wp\/v2\/comments?post=6927"}],"version-history":[{"count":4,"href":"https:\/\/www.hrexperience.rs\/en\/wp-json\/wp\/v2\/posts\/6927\/revisions"}],"predecessor-version":[{"id":6935,"href":"https:\/\/www.hrexperience.rs\/en\/wp-json\/wp\/v2\/posts\/6927\/revisions\/6935"}],"wp:featuredmedia":[{"embeddable":true,"href":"https:\/\/www.hrexperience.rs\/en\/wp-json\/wp\/v2\/media\/6929"}],"wp:attachment":[{"href":"https:\/\/www.hrexperience.rs\/en\/wp-json\/wp\/v2\/media?parent=6927"}],"wp:term":[{"taxonomy":"category","embeddable":true,"href":"https:\/\/www.hrexperience.rs\/en\/wp-json\/wp\/v2\/categories?post=6927"},{"taxonomy":"post_tag","embeddable":true,"href":"https:\/\/www.hrexperience.rs\/en\/wp-json\/wp\/v2\/tags?post=6927"}],"curies":[{"name":"wp","href":"https:\/\/api.w.org\/{rel}","templated":true}]}}