
{"id":118,"date":"2021-03-21T16:34:25","date_gmt":"2021-03-21T15:34:25","guid":{"rendered":"https:\/\/www.hrexperience.rs\/?p=118"},"modified":"2021-11-03T08:44:50","modified_gmt":"2021-11-03T07:44:50","slug":"konferencija-hr-experience-odlozena-za-jesen","status":"publish","type":"post","link":"https:\/\/www.hrexperience.rs\/en\/vesti\/konferencija-hr-experience-odlozena-za-jesen\/","title":{"rendered":"Konferencija HR Experience odlo\u017eena za jesen!"},"content":{"rendered":"","protected":false},"excerpt":{"rendered":"","protected":false},"author":1,"featured_media":119,"comment_status":"closed","ping_status":"open","sticky":false,"template":"","format":"standard","meta":{"footnotes":""},"categories":[1],"tags":[],"class_list":{"0":"post-118","1":"post","2":"type-post","3":"status-publish","4":"format-standard","5":"has-post-thumbnail","7":"category-vesti"},"yoast_head":"<!-- This site is optimized with the Yoast SEO plugin v24.2 - https:\/\/yoast.com\/wordpress\/plugins\/seo\/ -->\n<title>Konferencija HR Experience odlo\u017eena za jesen! - HR Experience<\/title>\n<meta name=\"robots\" content=\"index, follow, max-snippet:-1, max-image-preview:large, max-video-preview:-1\" \/>\n<link rel=\"canonical\" href=\"https:\/\/www.hrexperience.rs\/en\/vesti\/konferencija-hr-experience-odlozena-za-jesen\/\" \/>\n<meta property=\"og:locale\" content=\"en_US\" \/>\n<meta property=\"og:type\" content=\"article\" \/>\n<meta property=\"og:title\" content=\"Konferencija HR Experience odlo\u017eena za jesen! - HR Experience\" \/>\n<meta property=\"og:url\" content=\"https:\/\/www.hrexperience.rs\/en\/vesti\/konferencija-hr-experience-odlozena-za-jesen\/\" \/>\n<meta property=\"og:site_name\" content=\"HR Experience\" \/>\n<meta property=\"article:publisher\" content=\"https:\/\/www.facebook.com\/poslovi\" \/>\n<meta property=\"article:author\" content=\"https:\/\/www.facebook.com\/poslovi\" \/>\n<meta property=\"article:published_time\" content=\"2021-03-21T15:34:25+00:00\" \/>\n<meta property=\"article:modified_time\" content=\"2021-11-03T07:44:50+00:00\" \/>\n<meta property=\"og:image\" content=\"https:\/\/www.hrexperience.rs\/wp-content\/uploads\/2021\/10\/HrExp-VestJesen.jpg\" \/>\n\t<meta property=\"og:image:width\" content=\"1200\" \/>\n\t<meta property=\"og:image:height\" content=\"628\" \/>\n\t<meta property=\"og:image:type\" content=\"image\/jpeg\" \/>\n<meta name=\"author\" content=\"HR Experience\" \/>\n<meta name=\"twitter:card\" content=\"summary_large_image\" \/>\n<meta name=\"twitter:creator\" content=\"@posloviinfostud\" \/>\n<meta name=\"twitter:site\" content=\"@infostud\" \/>\n<meta name=\"twitter:label1\" content=\"Written by\" \/>\n\t<meta name=\"twitter:data1\" content=\"HR Experience\" \/>\n<script type=\"application\/ld+json\" class=\"yoast-schema-graph\">{\"@context\":\"https:\/\/schema.org\",\"@graph\":[{\"@type\":\"Article\",\"@id\":\"https:\/\/www.hrexperience.rs\/vesti\/konferencija-hr-experience-odlozena-za-jesen\/#article\",\"isPartOf\":{\"@id\":\"https:\/\/www.hrexperience.rs\/vesti\/konferencija-hr-experience-odlozena-za-jesen\/\"},\"author\":{\"name\":\"HR Experience\",\"@id\":\"https:\/\/www.hrexperience.rs\/#\/schema\/person\/18ca12885ca437967d735f6aa840502a\"},\"headline\":\"Konferencija HR Experience odlo\u017eena za jesen!\",\"datePublished\":\"2021-03-21T15:34:25+00:00\",\"dateModified\":\"2021-11-03T07:44:50+00:00\",\"mainEntityOfPage\":{\"@id\":\"https:\/\/www.hrexperience.rs\/vesti\/konferencija-hr-experience-odlozena-za-jesen\/\"},\"wordCount\":7,\"publisher\":{\"@id\":\"https:\/\/www.hrexperience.rs\/#organization\"},\"image\":{\"@id\":\"https:\/\/www.hrexperience.rs\/vesti\/konferencija-hr-experience-odlozena-za-jesen\/#primaryimage\"},\"thumbnailUrl\":\"https:\/\/www.hrexperience.rs\/wp-content\/uploads\/2021\/10\/HrExp-VestJesen.jpg\",\"articleSection\":[\"Vesti\"],\"inLanguage\":\"en-US\"},{\"@type\":\"WebPage\",\"@id\":\"https:\/\/www.hrexperience.rs\/vesti\/konferencija-hr-experience-odlozena-za-jesen\/\",\"url\":\"https:\/\/www.hrexperience.rs\/vesti\/konferencija-hr-experience-odlozena-za-jesen\/\",\"name\":\"Konferencija HR Experience odlo\u017eena za jesen! - HR Experience\",\"isPartOf\":{\"@id\":\"https:\/\/www.hrexperience.rs\/#website\"},\"primaryImageOfPage\":{\"@id\":\"https:\/\/www.hrexperience.rs\/vesti\/konferencija-hr-experience-odlozena-za-jesen\/#primaryimage\"},\"image\":{\"@id\":\"https:\/\/www.hrexperience.rs\/vesti\/konferencija-hr-experience-odlozena-za-jesen\/#primaryimage\"},\"thumbnailUrl\":\"https:\/\/www.hrexperience.rs\/wp-content\/uploads\/2021\/10\/HrExp-VestJesen.jpg\",\"datePublished\":\"2021-03-21T15:34:25+00:00\",\"dateModified\":\"2021-11-03T07:44:50+00:00\",\"inLanguage\":\"en-US\",\"potentialAction\":[{\"@type\":\"ReadAction\",\"target\":[\"https:\/\/www.hrexperience.rs\/vesti\/konferencija-hr-experience-odlozena-za-jesen\/\"]}]},{\"@type\":\"ImageObject\",\"inLanguage\":\"en-US\",\"@id\":\"https:\/\/www.hrexperience.rs\/vesti\/konferencija-hr-experience-odlozena-za-jesen\/#primaryimage\",\"url\":\"https:\/\/www.hrexperience.rs\/wp-content\/uploads\/2021\/10\/HrExp-VestJesen.jpg\",\"contentUrl\":\"https:\/\/www.hrexperience.rs\/wp-content\/uploads\/2021\/10\/HrExp-VestJesen.jpg\",\"width\":1200,\"height\":628,\"caption\":\"Dragi saradnici, shodno situaciji sa pandemijom virusa Covid-19, tim koji organizuje konferenciju HR Experience odlu\u010dio je da ovogodi\u0161nji doga\u0111aj pomeri za jesen. Uprkos na\u0161oj \u017eelji da se konferencija odr\u017ei 20.maja, u ovom momentu je najbitnije da budemo odgovorni i sa\u010duvamo sva\u010dije zdravlje te smo tako i odlu\u010dili da konferenciju odr\u017eimo u povoljnijim okolnostima. Datum rane prijave za kupovinu kotizacija bi\u0107e tako\u0111e pomeren, a sve precizne datume objavi\u0107emo blagovremeno. Ukoliko ste planirali da se do kraja marta prijavite na konkurs za \u201cUspe\u0161ne HR pri\u010de\u201d, pozivamo vas da to i u\u010dinite. Sve prijave bi\u0107e uzete u razmatranje za konferenciju u novom terminu. Ovim putem \u017eelimo da vam se zahvalimo na razumevanju, kao i na\u0161im partnerima, saradnicima i prijateljima na saradnji, koji su i ove godine uz nas i koji su osigurali svoje mesto na ovogodi\u0161njem okupljanju i da ih obavestimo da sve dosada\u0161nje kupljene kotizacije va\u017ee i za novi datum. Tako\u0111e \u017eelimo da vas obavestimo da program ostaje isti, te kvalitet konferencije sigurno ne\u0107e biti manji. Jo\u0161 jednom se zahvaljujemo na razumevanju i jedva \u010dekamo jesen da se dru\u017eimo i nau\u010dimo ne\u0161to novo! Ukoliko imate dodatnih pitanja budite slobodni da nas kontaktirate putem mail adrese kontakt@hrexperience.rs ili putem broja 064 868 58 35 Va\u0161 tim konferencije HR Experience.\"},{\"@type\":\"WebSite\",\"@id\":\"https:\/\/www.hrexperience.rs\/#website\",\"url\":\"https:\/\/www.hrexperience.rs\/\",\"name\":\"HR Experience\",\"description\":\"Trendovi. Prakse. Inspiracija.\",\"publisher\":{\"@id\":\"https:\/\/www.hrexperience.rs\/#organization\"},\"potentialAction\":[{\"@type\":\"SearchAction\",\"target\":{\"@type\":\"EntryPoint\",\"urlTemplate\":\"https:\/\/www.hrexperience.rs\/?s={search_term_string}\"},\"query-input\":{\"@type\":\"PropertyValueSpecification\",\"valueRequired\":true,\"valueName\":\"search_term_string\"}}],\"inLanguage\":\"en-US\"},{\"@type\":\"Organization\",\"@id\":\"https:\/\/www.hrexperience.rs\/#organization\",\"name\":\"HRexperience\",\"url\":\"https:\/\/www.hrexperience.rs\/\",\"logo\":{\"@type\":\"ImageObject\",\"inLanguage\":\"en-US\",\"@id\":\"https:\/\/www.hrexperience.rs\/#\/schema\/logo\/image\/\",\"url\":\"https:\/\/www.hrexperience.rs\/wp-content\/uploads\/2021\/12\/hrexperience-2022-logo.svg\",\"contentUrl\":\"https:\/\/www.hrexperience.rs\/wp-content\/uploads\/2021\/12\/hrexperience-2022-logo.svg\",\"width\":1,\"height\":1,\"caption\":\"HRexperience\"},\"image\":{\"@id\":\"https:\/\/www.hrexperience.rs\/#\/schema\/logo\/image\/\"},\"sameAs\":[\"https:\/\/www.facebook.com\/poslovi\",\"https:\/\/x.com\/infostud\",\"https:\/\/www.instagram.com\/poslovi_infostud\/\",\"https:\/\/www.linkedin.com\/company\/poslovi-infostud\/\",\"https:\/\/www.youtube.com\/c\/infostudposlovi\",\"https:\/\/sr.wikipedia.org\/sr-el\/Infostud\"]},{\"@type\":\"Person\",\"@id\":\"https:\/\/www.hrexperience.rs\/#\/schema\/person\/18ca12885ca437967d735f6aa840502a\",\"name\":\"HR Experience\",\"image\":{\"@type\":\"ImageObject\",\"inLanguage\":\"en-US\",\"@id\":\"https:\/\/www.hrexperience.rs\/#\/schema\/person\/image\/\",\"url\":\"https:\/\/secure.gravatar.com\/avatar\/1cc0ea018b38b0add0f1bc0a31c4c290?s=96&d=mm&r=g\",\"contentUrl\":\"https:\/\/secure.gravatar.com\/avatar\/1cc0ea018b38b0add0f1bc0a31c4c290?s=96&d=mm&r=g\",\"caption\":\"HR Experience\"},\"description\":\"Trendovi. Prakse. Inovacije.\",\"sameAs\":[\"https:\/\/www.hrexperience.rs\",\"https:\/\/www.facebook.com\/poslovi\",\"https:\/\/www.instagram.com\/poslovi_infostud\/\",\"https:\/\/www.linkedin.com\/company\/poslovi-infostud\/\",\"https:\/\/x.com\/posloviinfostud\",\"https:\/\/www.youtube.com\/c\/infostudposlovi\",\"https:\/\/sr.wikipedia.org\/sr-el\/\u0418\u043d\u0444\u043e\u0441\u0442\u0443\u0434\"]}]}<\/script>\n<!-- \/ Yoast SEO plugin. -->","yoast_head_json":{"title":"Konferencija HR Experience odlo\u017eena za jesen! - HR Experience","robots":{"index":"index","follow":"follow","max-snippet":"max-snippet:-1","max-image-preview":"max-image-preview:large","max-video-preview":"max-video-preview:-1"},"canonical":"https:\/\/www.hrexperience.rs\/en\/vesti\/konferencija-hr-experience-odlozena-za-jesen\/","og_locale":"en_US","og_type":"article","og_title":"Konferencija HR Experience odlo\u017eena za jesen! - HR Experience","og_url":"https:\/\/www.hrexperience.rs\/en\/vesti\/konferencija-hr-experience-odlozena-za-jesen\/","og_site_name":"HR Experience","article_publisher":"https:\/\/www.facebook.com\/poslovi","article_author":"https:\/\/www.facebook.com\/poslovi","article_published_time":"2021-03-21T15:34:25+00:00","article_modified_time":"2021-11-03T07:44:50+00:00","og_image":[{"width":1200,"height":628,"url":"https:\/\/www.hrexperience.rs\/wp-content\/uploads\/2021\/10\/HrExp-VestJesen.jpg","type":"image\/jpeg"}],"author":"HR Experience","twitter_card":"summary_large_image","twitter_creator":"@posloviinfostud","twitter_site":"@infostud","twitter_misc":{"Written by":"HR Experience"},"schema":{"@context":"https:\/\/schema.org","@graph":[{"@type":"Article","@id":"https:\/\/www.hrexperience.rs\/vesti\/konferencija-hr-experience-odlozena-za-jesen\/#article","isPartOf":{"@id":"https:\/\/www.hrexperience.rs\/vesti\/konferencija-hr-experience-odlozena-za-jesen\/"},"author":{"name":"HR Experience","@id":"https:\/\/www.hrexperience.rs\/#\/schema\/person\/18ca12885ca437967d735f6aa840502a"},"headline":"Konferencija HR Experience odlo\u017eena za jesen!","datePublished":"2021-03-21T15:34:25+00:00","dateModified":"2021-11-03T07:44:50+00:00","mainEntityOfPage":{"@id":"https:\/\/www.hrexperience.rs\/vesti\/konferencija-hr-experience-odlozena-za-jesen\/"},"wordCount":7,"publisher":{"@id":"https:\/\/www.hrexperience.rs\/#organization"},"image":{"@id":"https:\/\/www.hrexperience.rs\/vesti\/konferencija-hr-experience-odlozena-za-jesen\/#primaryimage"},"thumbnailUrl":"https:\/\/www.hrexperience.rs\/wp-content\/uploads\/2021\/10\/HrExp-VestJesen.jpg","articleSection":["Vesti"],"inLanguage":"en-US"},{"@type":"WebPage","@id":"https:\/\/www.hrexperience.rs\/vesti\/konferencija-hr-experience-odlozena-za-jesen\/","url":"https:\/\/www.hrexperience.rs\/vesti\/konferencija-hr-experience-odlozena-za-jesen\/","name":"Konferencija HR Experience odlo\u017eena za jesen! - HR Experience","isPartOf":{"@id":"https:\/\/www.hrexperience.rs\/#website"},"primaryImageOfPage":{"@id":"https:\/\/www.hrexperience.rs\/vesti\/konferencija-hr-experience-odlozena-za-jesen\/#primaryimage"},"image":{"@id":"https:\/\/www.hrexperience.rs\/vesti\/konferencija-hr-experience-odlozena-za-jesen\/#primaryimage"},"thumbnailUrl":"https:\/\/www.hrexperience.rs\/wp-content\/uploads\/2021\/10\/HrExp-VestJesen.jpg","datePublished":"2021-03-21T15:34:25+00:00","dateModified":"2021-11-03T07:44:50+00:00","inLanguage":"en-US","potentialAction":[{"@type":"ReadAction","target":["https:\/\/www.hrexperience.rs\/vesti\/konferencija-hr-experience-odlozena-za-jesen\/"]}]},{"@type":"ImageObject","inLanguage":"en-US","@id":"https:\/\/www.hrexperience.rs\/vesti\/konferencija-hr-experience-odlozena-za-jesen\/#primaryimage","url":"https:\/\/www.hrexperience.rs\/wp-content\/uploads\/2021\/10\/HrExp-VestJesen.jpg","contentUrl":"https:\/\/www.hrexperience.rs\/wp-content\/uploads\/2021\/10\/HrExp-VestJesen.jpg","width":1200,"height":628,"caption":"Dragi saradnici, shodno situaciji sa pandemijom virusa Covid-19, tim koji organizuje konferenciju HR Experience odlu\u010dio je da ovogodi\u0161nji doga\u0111aj pomeri za jesen. Uprkos na\u0161oj \u017eelji da se konferencija odr\u017ei 20.maja, u ovom momentu je najbitnije da budemo odgovorni i sa\u010duvamo sva\u010dije zdravlje te smo tako i odlu\u010dili da konferenciju odr\u017eimo u povoljnijim okolnostima. Datum rane prijave za kupovinu kotizacija bi\u0107e tako\u0111e pomeren, a sve precizne datume objavi\u0107emo blagovremeno. Ukoliko ste planirali da se do kraja marta prijavite na konkurs za \u201cUspe\u0161ne HR pri\u010de\u201d, pozivamo vas da to i u\u010dinite. Sve prijave bi\u0107e uzete u razmatranje za konferenciju u novom terminu. Ovim putem \u017eelimo da vam se zahvalimo na razumevanju, kao i na\u0161im partnerima, saradnicima i prijateljima na saradnji, koji su i ove godine uz nas i koji su osigurali svoje mesto na ovogodi\u0161njem okupljanju i da ih obavestimo da sve dosada\u0161nje kupljene kotizacije va\u017ee i za novi datum. Tako\u0111e \u017eelimo da vas obavestimo da program ostaje isti, te kvalitet konferencije sigurno ne\u0107e biti manji. Jo\u0161 jednom se zahvaljujemo na razumevanju i jedva \u010dekamo jesen da se dru\u017eimo i nau\u010dimo ne\u0161to novo! Ukoliko imate dodatnih pitanja budite slobodni da nas kontaktirate putem mail adrese kontakt@hrexperience.rs ili putem broja 064 868 58 35 Va\u0161 tim konferencije HR Experience."},{"@type":"WebSite","@id":"https:\/\/www.hrexperience.rs\/#website","url":"https:\/\/www.hrexperience.rs\/","name":"HR Experience","description":"Trendovi. Prakse. Inspiracija.","publisher":{"@id":"https:\/\/www.hrexperience.rs\/#organization"},"potentialAction":[{"@type":"SearchAction","target":{"@type":"EntryPoint","urlTemplate":"https:\/\/www.hrexperience.rs\/?s={search_term_string}"},"query-input":{"@type":"PropertyValueSpecification","valueRequired":true,"valueName":"search_term_string"}}],"inLanguage":"en-US"},{"@type":"Organization","@id":"https:\/\/www.hrexperience.rs\/#organization","name":"HRexperience","url":"https:\/\/www.hrexperience.rs\/","logo":{"@type":"ImageObject","inLanguage":"en-US","@id":"https:\/\/www.hrexperience.rs\/#\/schema\/logo\/image\/","url":"https:\/\/www.hrexperience.rs\/wp-content\/uploads\/2021\/12\/hrexperience-2022-logo.svg","contentUrl":"https:\/\/www.hrexperience.rs\/wp-content\/uploads\/2021\/12\/hrexperience-2022-logo.svg","width":1,"height":1,"caption":"HRexperience"},"image":{"@id":"https:\/\/www.hrexperience.rs\/#\/schema\/logo\/image\/"},"sameAs":["https:\/\/www.facebook.com\/poslovi","https:\/\/x.com\/infostud","https:\/\/www.instagram.com\/poslovi_infostud\/","https:\/\/www.linkedin.com\/company\/poslovi-infostud\/","https:\/\/www.youtube.com\/c\/infostudposlovi","https:\/\/sr.wikipedia.org\/sr-el\/Infostud"]},{"@type":"Person","@id":"https:\/\/www.hrexperience.rs\/#\/schema\/person\/18ca12885ca437967d735f6aa840502a","name":"HR Experience","image":{"@type":"ImageObject","inLanguage":"en-US","@id":"https:\/\/www.hrexperience.rs\/#\/schema\/person\/image\/","url":"https:\/\/secure.gravatar.com\/avatar\/1cc0ea018b38b0add0f1bc0a31c4c290?s=96&d=mm&r=g","contentUrl":"https:\/\/secure.gravatar.com\/avatar\/1cc0ea018b38b0add0f1bc0a31c4c290?s=96&d=mm&r=g","caption":"HR Experience"},"description":"Trendovi. Prakse. Inovacije.","sameAs":["https:\/\/www.hrexperience.rs","https:\/\/www.facebook.com\/poslovi","https:\/\/www.instagram.com\/poslovi_infostud\/","https:\/\/www.linkedin.com\/company\/poslovi-infostud\/","https:\/\/x.com\/posloviinfostud","https:\/\/www.youtube.com\/c\/infostudposlovi","https:\/\/sr.wikipedia.org\/sr-el\/\u0418\u043d\u0444\u043e\u0441\u0442\u0443\u0434"]}]}},"_links":{"self":[{"href":"https:\/\/www.hrexperience.rs\/en\/wp-json\/wp\/v2\/posts\/118","targetHints":{"allow":["GET"]}}],"collection":[{"href":"https:\/\/www.hrexperience.rs\/en\/wp-json\/wp\/v2\/posts"}],"about":[{"href":"https:\/\/www.hrexperience.rs\/en\/wp-json\/wp\/v2\/types\/post"}],"author":[{"embeddable":true,"href":"https:\/\/www.hrexperience.rs\/en\/wp-json\/wp\/v2\/users\/1"}],"replies":[{"embeddable":true,"href":"https:\/\/www.hrexperience.rs\/en\/wp-json\/wp\/v2\/comments?post=118"}],"version-history":[{"count":0,"href":"https:\/\/www.hrexperience.rs\/en\/wp-json\/wp\/v2\/posts\/118\/revisions"}],"wp:featuredmedia":[{"embeddable":true,"href":"https:\/\/www.hrexperience.rs\/en\/wp-json\/wp\/v2\/media\/119"}],"wp:attachment":[{"href":"https:\/\/www.hrexperience.rs\/en\/wp-json\/wp\/v2\/media?parent=118"}],"wp:term":[{"taxonomy":"category","embeddable":true,"href":"https:\/\/www.hrexperience.rs\/en\/wp-json\/wp\/v2\/categories?post=118"},{"taxonomy":"post_tag","embeddable":true,"href":"https:\/\/www.hrexperience.rs\/en\/wp-json\/wp\/v2\/tags?post=118"}],"curies":[{"name":"wp","href":"https:\/\/api.w.org\/{rel}","templated":true}]}}